{"id":2026,"date":"2021-04-16T09:58:04","date_gmt":"2021-04-16T06:58:04","guid":{"rendered":"https:\/\/izmirkalpdoktoru.com\/?p=2026"},"modified":"2021-04-16T10:03:28","modified_gmt":"2021-04-16T07:03:28","slug":"kalp-hastaligi-olanlar-oruc","status":"publish","type":"post","link":"https:\/\/izmirkalpdoktoru.com\/kalp-hastaligi-olanlar-oruc\/","title":{"rendered":"Kalp Hastal\u0131\u011f\u0131 Olanlar Ramazan Ay\u0131nda Oru\u00e7 Tutabilir mi?"},"content":{"rendered":"<p><span style=\"color: #000000;\"><strong>Kalp Hastal\u0131\u011f\u0131 Olanlar Ramazan Ay\u0131nda Oru\u00e7 Tutabilir mi? <\/strong><\/span><\/p>\n<p><span style=\"color: #000000;\">M\u00fcbarek Ramazan geldi. Oru\u00e7 tutanlar, ruhsal ar\u0131nman\u0131n yan\u0131nda manevi huzuru da ya\u015f\u0131yorlar. Ramazan ay\u0131 ile birlikte kalp hastal\u0131\u011f\u0131 olanlar \u2018Oru\u00e7 tutmamda sak\u0131nca var m\u0131?\u2019, \u2018Oru\u00e7 tutarken ila\u00e7lar\u0131m\u0131 nas\u0131l kullanmal\u0131y\u0131m?\u2019 gibi sorularla s\u0131k\u00e7a ba\u015fvurmaya ba\u015flad\u0131lar.<\/span><br \/>\n<span style=\"color: #000000;\">Asl\u0131nda kalp hastalar\u0131 i\u00e7in oru\u00e7 tutabilir ya da tutamaz \u015feklinde bir genelleme yapmak do\u011fru olmaz. \u00c7\u00fcnk\u00fc kalp hastal\u0131klar\u0131 daha do\u011frusu kalp-damar hastal\u0131klar\u0131 \u00e7arp\u0131nt\u0131 gibi basit ritim bozukluklar\u0131ndan ileri evre kalp yetersizli\u011fine kadar geni\u015f bir da\u011f\u0131l\u0131m g\u00f6stermektedir. Dolay\u0131s\u0131yla kalp hastalar\u0131n\u0131 bireysel olarak de\u011ferlendirerek karar vermek gerekir. Yani t\u00fcm kalp hastalar\u0131 oru\u00e7 tutamaz diye bir genelleme do\u011fru de\u011fildir, hastal\u0131\u011f\u0131n tipi ve \u015fiddetine g\u00f6re g\u00f6re karar verilmesi gereklidir.<\/span><\/p>\n<p><span style=\"color: #000000;\">\u00dcstelik, oru\u00e7 tutulan iklim, sahur ile iftar aras\u0131ndaki s\u00fcre, iftarda ve sahurda yenilen g\u0131dalar\u0131n t\u00fcr\u00fc ve ne kadar yendi\u011fi ile ila\u00e7lar\u0131n i\u00e7ilme d\u00fczeninde bozulma olup olmad\u0131\u011f\u0131 da ki\u015finin sa\u011fl\u0131k durumunu etkilemektedir.<\/span><\/p>\n<p><span style=\"color: #000000;\">Orucun kalp damar hastalar\u0131nda olumlu ve olumsuz etkisini ortaya koyan bilimsel ara\u015ft\u0131rma say\u0131s\u0131n\u0131n azl\u0131\u011f\u0131ndan dolay\u0131 kalp damar hastalar\u0131n\u0131n oru\u00e7 tutmaya dair sorular\u0131na bilimsel, net yan\u0131tlar\u0131 vermek olduk\u00e7a zor. Bu nedenle T\u00fcrk Kardiyoloji Derne\u011fi olarak, hastalar\u0131m\u0131zdan gelen oru\u00e7la ilgili sorular\u0131, eldeki bilimsel veriler ve deneyimlerin \u0131\u015f\u0131\u011f\u0131nda cevapland\u0131rmaya \u00e7al\u0131\u015ft\u0131k.<\/span><\/p>\n<p>&nbsp;<\/p>\n<h6><span style=\"color: #000000;\">Haz\u0131rlayanlar: Prof Dr Meral Kay\u0131k\u00e7\u0131o\u011flu<sup>1<\/sup>, Prof Dr Sinan Aydo\u011fdu<sup>2<\/sup><\/span><br \/>\n<span style=\"color: #000000;\">1.Ege \u00dcniversitesi T\u0131p Fak\u00fcltesi. Kardiyoloji Anabilim Dal\u0131; \u0130zmir<\/span><br \/>\n<span style=\"color: #000000;\">2.T\u00fcrkiye Y\u00fcksek \u0130htisas Hastanesi Kardiyoloji Klini\u011fi, Ankara<\/span><\/h6>\n","protected":false},"excerpt":{"rendered":"<p>Kalp Hastal\u0131\u011f\u0131 Olanlar Ramazan Ay\u0131nda Oru\u00e7 Tutabilir mi? M\u00fcbarek Ramazan geldi. Oru\u00e7 tutanlar, ruhsal ar\u0131nman\u0131n yan\u0131nda manevi huzuru da ya\u015f\u0131yorlar. Ramazan ay\u0131 ile birlikte kalp hastal\u0131\u011f\u0131 olanlar \u2018Oru\u00e7 tutmamda sak\u0131nca var m\u0131?\u2019, \u2018Oru\u00e7 tutarken ila\u00e7lar\u0131m\u0131 nas\u0131l kullanmal\u0131y\u0131m?\u2019 gibi sorularla s\u0131k\u00e7a ba\u015fvurmaya ba\u015flad\u0131lar. Asl\u0131nda kalp hastalar\u0131 i\u00e7in oru\u00e7 tutabilir ya da tutamaz \u015feklinde bir genelleme yapmak [&hellip;]<\/p>\n","protected":false},"author":1,"featured_media":2007,"comment_status":"open","ping_status":"open","sticky":false,"template":"","format":"standard","meta":{"footnotes":""},"categories":[2],"tags":[350,351],"class_list":["post-2026","post","type-post","status-publish","format-standard","has-post-thumbnail","hentry","category-blog","tag-kalp-hastaligi","tag-oruc"],"_links":{"self":[{"href":"https:\/\/izmirkalpdoktoru.com\/wp-json\/wp\/v2\/posts\/2026","targetHints":{"allow":["GET"]}}],"collection":[{"href":"https:\/\/izmirkalpdoktoru.com\/wp-json\/wp\/v2\/posts"}],"about":[{"href":"https:\/\/izmirkalpdoktoru.com\/wp-json\/wp\/v2\/types\/post"}],"author":[{"embeddable":true,"href":"https:\/\/izmirkalpdoktoru.com\/wp-json\/wp\/v2\/users\/1"}],"replies":[{"embeddable":true,"href":"https:\/\/izmirkalpdoktoru.com\/wp-json\/wp\/v2\/comments?post=2026"}],"version-history":[{"count":2,"href":"https:\/\/izmirkalpdoktoru.com\/wp-json\/wp\/v2\/posts\/2026\/revisions"}],"predecessor-version":[{"id":2028,"href":"https:\/\/izmirkalpdoktoru.com\/wp-json\/wp\/v2\/posts\/2026\/revisions\/2028"}],"wp:featuredmedia":[{"embeddable":true,"href":"https:\/\/izmirkalpdoktoru.com\/wp-json\/wp\/v2\/media\/2007"}],"wp:attachment":[{"href":"https:\/\/izmirkalpdoktoru.com\/wp-json\/wp\/v2\/media?parent=2026"}],"wp:term":[{"taxonomy":"category","embeddable":true,"href":"https:\/\/izmirkalpdoktoru.com\/wp-json\/wp\/v2\/categories?post=2026"},{"taxonomy":"post_tag","embeddable":true,"href":"https:\/\/izmirkalpdoktoru.com\/wp-json\/wp\/v2\/tags?post=2026"}],"curies":[{"name":"wp","href":"https:\/\/api.w.org\/{rel}","templated":true}]}}